{"id":10600,"date":"2014-11-20T17:17:46","date_gmt":"2014-11-20T16:17:46","guid":{"rendered":"http:\/\/www.auxjardinsdessens.com\/?p=10600"},"modified":"2019-05-06T12:58:59","modified_gmt":"2019-05-06T11:58:59","slug":"espace-charenton","status":"publish","type":"post","link":"https:\/\/www.auxjardinsdessens.com\/?p=10600","title":{"rendered":"LE CYCLONE"},"content":{"rendered":"<p>Situ\u00e9 au coeur d\u00b9un jardin paysager, <strong>Cyclone le Studio<\/strong> est un espace contemporain de 600 m2 compos\u00e9 de 3 lofts ind\u00e9pendants ou modulables. Ils sont le\u00a0cadre id\u00e9al pour accueillir vos <strong>conf\u00e9rences de presse, s\u00e9minaires d&rsquo;entreprise, cocktails<\/strong>, showrooms, pr\u00e9sentations de produit, tournages ou d\u00eeners d&rsquo;affaire.<\/p>\n<p>La nature luxuriante, les terrasses am\u00e9nag\u00e9es, les puits de lumi\u00e8re z\u00e9nithale, les murs en pierres apparentes, le parquet en ch\u00eane clair et le design \u00e9pur\u00e9 d\u00e9gagent\u00a0une atmosph\u00e8re zen et harmonieuse. Au coeur de cet \u00e9crin de verdure, les 3 espaces poss\u00e8dent un\u00a0\u00e9quipement technique audiovisuel haut de gamme\u00a0afin de r\u00e9aliser vos r\u00e9unions professionnelles en toute qui\u00e9tude. jusqu&rsquo;\u00e0 200 convives.<\/p>\n<p>&nbsp;<\/p>\n<p>16-18 Rue Vulpian 75013 Paris<\/p>\n<p>&nbsp;<\/p>\n<p><a href=\"http:\/\/www.cyclonelesite.com\" target=\"_blank\">www.cyclonelesite.com<\/a><\/p>\n<p>&nbsp;<\/p>\n<p><strong><em>Pour toute demande de renseignement concernant ce lieu, utilisez le formulaire ci-dessous&#8230;<\/em><\/strong><br \/>\n<div class=\"wpcf7\" id=\"wpcf7-f12293-o1\" lang=\"fr-FR\" dir=\"ltr\">\n<div class=\"screen-reader-response\"><\/div>\n<form name=\"\" action=\"\/index.php?rest_route=%2Fwp%2Fv2%2Fposts%2F10600#wpcf7-f12293-o1\" method=\"post\" class=\"wpcf7-form\" novalidate=\"novalidate\">\n<div style=\"display: none;\">\n<input type=\"hidden\" name=\"_wpcf7\" value=\"12293\" \/>\n<input type=\"hidden\" name=\"_wpcf7_version\" value=\"4.1\" \/>\n<input type=\"hidden\" name=\"_wpcf7_locale\" value=\"fr_FR\" \/>\n<input type=\"hidden\" name=\"_wpcf7_unit_tag\" value=\"wpcf7-f12293-o1\" \/>\n<input type=\"hidden\" name=\"_wpnonce\" value=\"ba5445e7f5\" \/>\n<\/div>\n<p>Votre nom (obligatoire)<br \/>\n    <span class=\"wpcf7-form-control-wrap your-name\"><input type=\"text\" name=\"your-name\" value=\"\" size=\"40\" class=\"wpcf7-form-control wpcf7-text wpcf7-validates-as-required\" aria-required=\"true\" aria-invalid=\"false\" \/><\/span> <\/p>\n<p>Votre t\u00e9l\u00e9phone (obligatoire)<br \/>\n    <span class=\"wpcf7-form-control-wrap tel-26\"><input type=\"tel\" name=\"tel-26\" value=\"\" size=\"40\" class=\"wpcf7-form-control wpcf7-text wpcf7-tel wpcf7-validates-as-required wpcf7-validates-as-tel\" aria-required=\"true\" aria-invalid=\"false\" \/><\/span> <\/p>\n<p>Votre email (obligatoire)<br \/>\n    <span class=\"wpcf7-form-control-wrap your-email\"><input type=\"email\" name=\"your-email\" value=\"\" size=\"40\" class=\"wpcf7-form-control wpcf7-text wpcf7-email wpcf7-validates-as-required wpcf7-validates-as-email\" aria-required=\"true\" aria-invalid=\"false\" \/><\/span> <\/p>\n<p>Votre demande concerne  (obligatoire, cliquez sur le bandeau ci-dessous)<br \/>\n    <span class=\"wpcf7-form-control-wrap menu-455\"><select name=\"menu-455[]\" class=\"wpcf7-form-control wpcf7-select wpcf7-validates-as-required\" aria-required=\"true\" aria-invalid=\"false\" multiple=\"multiple\"><option value=\"ATELIER 80\">ATELIER 80<\/option><option value=\"ATELIER DU FRANCE\">ATELIER DU FRANCE<\/option><option value=\"ATELIER RICHELIEU\">ATELIER RICHELIEU<\/option><option value=\"BATEAU LE BEL AMI\">BATEAU LE BEL AMI<\/option><option value=\"CARTONNERIE\">CARTONNERIE<\/option><option value=\"CENTRE MARCEAU\">CENTRE MARCEAU<\/option><option value=\"CYCLONE\">CYCLONE<\/option><option value=\"ELYSEE MONTMARTRE\">ELYSEE MONTMARTRE<\/option><option value=\"JARDIN D\u2019ACCLIMATATION\">JARDIN D\u2019ACCLIMATATION<\/option><option value=\"LE PAN PIPPER\">LE PAN PIPPER<\/option><option value=\"MAISON DU DANEMARK\">MAISON DU DANEMARK<\/option><option value=\"MUSEE DE LA CONTREFACON\">MUSEE DE LA CONTREFACON<\/option><option value=\"MUSEE D\u2019ART MODERNE\">MUSEE D\u2019ART MODERNE<\/option><option value=\"MUSEE GUIMET\">MUSEE GUIMET<\/option><option value=\"MUSEE PICASSO\">MUSEE PICASSO<\/option><option value=\"SALON HONNORAT\">SALON HONNORAT<\/option><option value=\"SALONS HOCHE- TERRASSE\">SALONS HOCHE- TERRASSE<\/option><option value=\"TERRASS KARDINAL\">TERRASS KARDINAL<\/option><option value=\"TRIANON\">TRIANON<\/option><\/select><\/span> <\/p>\n<p>Votre message<br \/>\n    <span class=\"wpcf7-form-control-wrap your-message\"><textarea name=\"your-message\" cols=\"40\" rows=\"10\" class=\"wpcf7-form-control wpcf7-textarea\" aria-invalid=\"false\"><\/textarea><\/span> <\/p>\n<p><input type=\"submit\" value=\"Envoyer\" class=\"wpcf7-form-control wpcf7-submit\" \/><\/p>\n<div class=\"wpcf7-response-output wpcf7-display-none\"><\/div><\/form><\/div>\n<style type='text\/css'>#gallery-1 {margin: auto;}#gallery-1 .gallery-item { float: left; margin-top: 10px; text-align: center; width: 100%; } #gallery-1 img { border: 2px none #cfcfcf; } #gallery-1 .gallery-caption { margin-left: 0; } \/* see gallery_shortcode() in wp-includes\/media.php *\/<\/style> <div id='gallery-1' class='gallery galleryid-10600 gallery-columns-1 gallery-size-thumbnail'><dl class='gallery-item'><dt class='gallery-icon'><a href=\"https:\/\/www.auxjardinsdessens.com\/wp-content\/uploads\/2014\/11\/cyclone-6.jpg\" data-modal=\"modal_post_1_11546\" onClick=\"return false;\" class=\"md-trigger\"><img loading=\"lazy\" decoding=\"async\" width=\"150\" height=\"150\" src=\"https:\/\/www.auxjardinsdessens.com\/wp-content\/uploads\/2014\/11\/cyclone-6-150x150.jpg\" class=\"attachment-thumbnail size-thumbnail\" alt=\"\" \/><\/a><\/dt><\/dl><br style=\"clear: both\" \/><dl class='gallery-item'><dt class='gallery-icon'><a href=\"https:\/\/www.auxjardinsdessens.com\/wp-content\/uploads\/2014\/11\/Cyclone-7.jpg\" data-modal=\"modal_post_1_11547\" onClick=\"return false;\" class=\"md-trigger\"><img loading=\"lazy\" decoding=\"async\" width=\"150\" height=\"150\" src=\"https:\/\/www.auxjardinsdessens.com\/wp-content\/uploads\/2014\/11\/Cyclone-7-150x150.jpg\" class=\"attachment-thumbnail size-thumbnail\" alt=\"\" \/><\/a><\/dt><\/dl><br style=\"clear: both\" \/><dl class='gallery-item'><dt class='gallery-icon'><a href=\"https:\/\/www.auxjardinsdessens.com\/wp-content\/uploads\/2014\/11\/Cyclone-1.jpg\" data-modal=\"modal_post_1_11539\" onClick=\"return false;\" class=\"md-trigger\"><img loading=\"lazy\" decoding=\"async\" width=\"150\" height=\"150\" src=\"https:\/\/www.auxjardinsdessens.com\/wp-content\/uploads\/2014\/11\/Cyclone-1-150x150.jpg\" class=\"attachment-thumbnail size-thumbnail\" alt=\"\" \/><\/a><\/dt><\/dl><br style=\"clear: both\" \/><dl class='gallery-item'><dt class='gallery-icon'><a href=\"https:\/\/www.auxjardinsdessens.com\/wp-content\/uploads\/2014\/11\/Cyclone-2.jpg\" data-modal=\"modal_post_1_11540\" onClick=\"return false;\" class=\"md-trigger\"><img loading=\"lazy\" decoding=\"async\" width=\"150\" height=\"150\" src=\"https:\/\/www.auxjardinsdessens.com\/wp-content\/uploads\/2014\/11\/Cyclone-2-150x150.jpg\" class=\"attachment-thumbnail size-thumbnail\" alt=\"\" \/><\/a><\/dt><\/dl><br style=\"clear: both\" \/> <br style='clear: both;' \/> <\/div> \n","protected":false},"excerpt":{"rendered":"<p>Situ\u00e9 au coeur d\u00b9un jardin paysager, Cyclone le Studio est un espace contemporain de 600 m2 compos\u00e9 de 3 lofts ind\u00e9pendants ou modulables. Ils sont le\u00a0cadre id\u00e9al pour accueillir vos conf\u00e9rences de presse, s\u00e9minaires d&rsquo;entreprise, cocktails, showrooms, pr\u00e9sentations de produit, tournages ou d\u00eeners d&rsquo;affaire. La nature luxuriante, les terrasses am\u00e9nag\u00e9es, les puits de lumi\u00e8re z\u00e9nithale,&hellip;<\/p>\n","protected":false},"author":4,"featured_media":11543,"comment_status":"open","ping_status":"open","sticky":false,"template":"","format":"gallery","meta":{"sfsi_plus_gutenberg_text_before_share":"","sfsi_plus_gutenberg_show_text_before_share":"","sfsi_plus_gutenberg_icon_type":"","sfsi_plus_gutenberg_icon_alignemt":"","sfsi_plus_gutenburg_max_per_row":"","footnotes":""},"categories":[39],"tags":[],"class_list":["post-10600","post","type-post","status-publish","format-gallery","has-post-thumbnail","hentry","category-lieux-atipiques","post_format-post-format-gallery"],"_links":{"self":[{"href":"https:\/\/www.auxjardinsdessens.com\/index.php?rest_route=\/wp\/v2\/posts\/10600","targetHints":{"allow":["GET"]}}],"collection":[{"href":"https:\/\/www.auxjardinsdessens.com\/index.php?rest_route=\/wp\/v2\/posts"}],"about":[{"href":"https:\/\/www.auxjardinsdessens.com\/index.php?rest_route=\/wp\/v2\/types\/post"}],"author":[{"embeddable":true,"href":"https:\/\/www.auxjardinsdessens.com\/index.php?rest_route=\/wp\/v2\/users\/4"}],"replies":[{"embeddable":true,"href":"https:\/\/www.auxjardinsdessens.com\/index.php?rest_route=%2Fwp%2Fv2%2Fcomments&post=10600"}],"version-history":[{"count":11,"href":"https:\/\/www.auxjardinsdessens.com\/index.php?rest_route=\/wp\/v2\/posts\/10600\/revisions"}],"predecessor-version":[{"id":12305,"href":"https:\/\/www.auxjardinsdessens.com\/index.php?rest_route=\/wp\/v2\/posts\/10600\/revisions\/12305"}],"wp:featuredmedia":[{"embeddable":true,"href":"https:\/\/www.auxjardinsdessens.com\/index.php?rest_route=\/wp\/v2\/media\/11543"}],"wp:attachment":[{"href":"https:\/\/www.auxjardinsdessens.com\/index.php?rest_route=%2Fwp%2Fv2%2Fmedia&parent=10600"}],"wp:term":[{"taxonomy":"category","embeddable":true,"href":"https:\/\/www.auxjardinsdessens.com\/index.php?rest_route=%2Fwp%2Fv2%2Fcategories&post=10600"},{"taxonomy":"post_tag","embeddable":true,"href":"https:\/\/www.auxjardinsdessens.com\/index.php?rest_route=%2Fwp%2Fv2%2Ftags&post=10600"}],"curies":[{"name":"wp","href":"https:\/\/api.w.org\/{rel}","templated":true}]}}